{"id":516,"date":"2024-02-07T14:32:24","date_gmt":"2024-02-07T14:32:24","guid":{"rendered":"https:\/\/ambouagadougou.esteri.it\/?p=516"},"modified":"2024-02-12T14:46:52","modified_gmt":"2024-02-12T14:46:52","slug":"avis-de-recrutement","status":"publish","type":"post","link":"https:\/\/ambouagadougou.esteri.it\/fr\/news\/dall_ambasciata\/2024\/02\/avis-de-recrutement\/","title":{"rendered":"Avis de recrutement"},"content":{"rendered":"<p>On vous informe\u00a0que l&rsquo;Ambassade d&rsquo;Italie \u00e0 Ouagadougou a publi\u00e9 un avis de s\u00e9lection pour le recrutement de<\/p>\n<p>d&rsquo;un (1) employ\u00e9 sous contrat \u00e0 dur\u00e9e ind\u00e9termin\u00e9e pour \u00eatre affect\u00e9 aux services d'\u00a0\u00bbAssistant Administratif\u00a0\u00bb.<\/p>\n<p>Les candidatures doivent \u00eatre d\u00e9pos\u00e9es au plus tard le 22.02.2024.<\/p>\n<p>&nbsp;<\/p>\n<p><a href=\"https:\/\/ambouagadougou.esteri.it\/wp-content\/uploads\/2024\/02\/Avviso-di-assunzione-e-domanda-per-1-posto-di-Ass.te-Amm.vo-2024.pdf\">Avviso di assunzione e domanda per 1 posto di Ass.te Amm.vo 2024<\/a><\/p>\n<p>&nbsp;<\/p>\n","protected":false},"excerpt":{"rendered":"On vous informe\u00a0que l&rsquo;Ambassade d&rsquo;Italie \u00e0 Ouagadougou a publi\u00e9 un avis de s\u00e9lection pour le recrutement de d&rsquo;un (1) employ\u00e9 sous contrat \u00e0 dur\u00e9e ind\u00e9termin\u00e9e pour \u00eatre affect\u00e9 aux services d&rsquo;\u00a0\u00bbAssistant Administratif\u00a0\u00bb. Les candidatures doivent \u00eatre d\u00e9pos\u00e9es au plus tard le 22.02.2024. &nbsp; Avviso di assunzione e domanda per 1 posto di Ass.te Amm.vo 2024 [&hellip;]","protected":false},"author":4,"featured_media":0,"comment_status":"closed","ping_status":"closed","sticky":false,"template":"","format":"standard","meta":{"footnotes":""},"tags":[],"class_list":["post-516","post","type-post","status-publish","format-standard","hentry"],"_links":{"self":[{"href":"https:\/\/ambouagadougou.esteri.it\/fr\/wp-json\/wp\/v2\/posts\/516","targetHints":{"allow":["GET"]}}],"collection":[{"href":"https:\/\/ambouagadougou.esteri.it\/fr\/wp-json\/wp\/v2\/posts"}],"about":[{"href":"https:\/\/ambouagadougou.esteri.it\/fr\/wp-json\/wp\/v2\/types\/post"}],"author":[{"embeddable":true,"href":"https:\/\/ambouagadougou.esteri.it\/fr\/wp-json\/wp\/v2\/users\/4"}],"replies":[{"embeddable":true,"href":"https:\/\/ambouagadougou.esteri.it\/fr\/wp-json\/wp\/v2\/comments?post=516"}],"version-history":[{"count":4,"href":"https:\/\/ambouagadougou.esteri.it\/fr\/wp-json\/wp\/v2\/posts\/516\/revisions"}],"predecessor-version":[{"id":525,"href":"https:\/\/ambouagadougou.esteri.it\/fr\/wp-json\/wp\/v2\/posts\/516\/revisions\/525"}],"wp:attachment":[{"href":"https:\/\/ambouagadougou.esteri.it\/fr\/wp-json\/wp\/v2\/media?parent=516"}],"wp:term":[{"taxonomy":"post_tag","embeddable":true,"href":"https:\/\/ambouagadougou.esteri.it\/fr\/wp-json\/wp\/v2\/tags?post=516"}],"curies":[{"name":"wp","href":"https:\/\/api.w.org\/{rel}","templated":true}]}}