{"id":690,"date":"2024-09-13T12:53:51","date_gmt":"2024-09-13T12:53:51","guid":{"rendered":"https:\/\/ambouagadougou.esteri.it\/?p=690"},"modified":"2024-09-13T12:58:00","modified_gmt":"2024-09-13T12:58:00","slug":"coup-denvoi-des-celebrations-de-la-premiere-edition-de-la-journee-du-sport-italien-dans-le-monde","status":"publish","type":"post","link":"https:\/\/ambouagadougou.esteri.it\/fr\/news\/dall_ambasciata\/2024\/09\/coup-denvoi-des-celebrations-de-la-premiere-edition-de-la-journee-du-sport-italien-dans-le-monde\/","title":{"rendered":"Coup d&rsquo;envoi des c\u00e9l\u00e9brations de la premi\u00e8re \u00e9dition de la Journ\u00e9e du sport italien dans le monde"},"content":{"rendered":"<p>Les c\u00e9l\u00e9brations de la premi\u00e8re \u00e9dition de la Journ\u00e9e du sport italien dans le monde, une initiative promue par le minist\u00e8re italien des Affaires \u00e9trang\u00e8res et de la Coop\u00e9ration internationale pour raconter, \u00e0 travers le sport et ses protagonistes, les excellences, les districts et les industries italiennes dans le secteur. Une occasion id\u00e9ale non seulement de promouvoir la durabilit\u00e9 et l&rsquo;innovation dans le sport en tant qu&rsquo;outil important pour promouvoir un mode de vie et un r\u00e9gime alimentaire sains, mais aussi de renforcer la composante jeunesse et de r\u00e9fl\u00e9chir au r\u00f4le \u00e9ducatif du sport.<\/p>\n<p>L&rsquo;\u00e9v\u00e9nement de lancement de la premi\u00e8re \u00e9dition de la \u00ab Journ\u00e9e du sport italien dans le monde \u00bb, un nouvel \u00e9v\u00e9nement th\u00e9matique qui, \u00e0 partir de cette ann\u00e9e, enrichira le calendrier des rendez-vous annuels de promotion int\u00e9gr\u00e9e des bureaux MAECI \u00e0 l&rsquo;\u00e9tranger, est pr\u00e9vu pour le vendredi 13 septembre 2024 \u00e0 la Villa Madama.<\/p>\n<p>Le vice-pr\u00e9sident du Conseil des ministres et ministre des Affaires \u00e9trang\u00e8res et de la Coop\u00e9ration internationale, Antonio Tajani, et le ministre des Sports, Andrea Abodi, participeront \u00e0 l&rsquo;\u00e9v\u00e9nement.<\/p>\n<p>L&rsquo;athl\u00e8te paralympique Manuel Bortuzzo, l&rsquo;entra\u00eeneur de l&rsquo;\u00e9quipe nationale de football Luciano Spalletti, la joueuse de tennis Elisabetta Cocciaretto et l&rsquo;entra\u00eeneur de l&rsquo;\u00e9quipe nationale de baseball Mike Piazza assisteront \u00e0 l&rsquo;\u00e9v\u00e9nement.<\/p>\n<p>&nbsp;<\/p>\n","protected":false},"excerpt":{"rendered":"Les c\u00e9l\u00e9brations de la premi\u00e8re \u00e9dition de la Journ\u00e9e du sport italien dans le monde, une initiative promue par le minist\u00e8re italien des Affaires \u00e9trang\u00e8res et de la Coop\u00e9ration internationale pour raconter, \u00e0 travers le sport et ses protagonistes, les excellences, les districts et les industries italiennes dans le secteur. Une occasion id\u00e9ale non seulement [&hellip;]","protected":false},"author":4,"featured_media":673,"comment_status":"closed","ping_status":"closed","sticky":false,"template":"","format":"standard","meta":{"footnotes":""},"tags":[],"class_list":["post-690","post","type-post","status-publish","format-standard","has-post-thumbnail","hentry"],"_links":{"self":[{"href":"https:\/\/ambouagadougou.esteri.it\/fr\/wp-json\/wp\/v2\/posts\/690","targetHints":{"allow":["GET"]}}],"collection":[{"href":"https:\/\/ambouagadougou.esteri.it\/fr\/wp-json\/wp\/v2\/posts"}],"about":[{"href":"https:\/\/ambouagadougou.esteri.it\/fr\/wp-json\/wp\/v2\/types\/post"}],"author":[{"embeddable":true,"href":"https:\/\/ambouagadougou.esteri.it\/fr\/wp-json\/wp\/v2\/users\/4"}],"replies":[{"embeddable":true,"href":"https:\/\/ambouagadougou.esteri.it\/fr\/wp-json\/wp\/v2\/comments?post=690"}],"version-history":[{"count":2,"href":"https:\/\/ambouagadougou.esteri.it\/fr\/wp-json\/wp\/v2\/posts\/690\/revisions"}],"predecessor-version":[{"id":694,"href":"https:\/\/ambouagadougou.esteri.it\/fr\/wp-json\/wp\/v2\/posts\/690\/revisions\/694"}],"wp:featuredmedia":[{"embeddable":true,"href":"https:\/\/ambouagadougou.esteri.it\/fr\/wp-json\/wp\/v2\/media\/673"}],"wp:attachment":[{"href":"https:\/\/ambouagadougou.esteri.it\/fr\/wp-json\/wp\/v2\/media?parent=690"}],"wp:term":[{"taxonomy":"post_tag","embeddable":true,"href":"https:\/\/ambouagadougou.esteri.it\/fr\/wp-json\/wp\/v2\/tags?post=690"}],"curies":[{"name":"wp","href":"https:\/\/api.w.org\/{rel}","templated":true}]}}