{"id":744,"date":"2024-11-29T12:50:25","date_gmt":"2024-11-29T12:50:25","guid":{"rendered":"https:\/\/ambouagadougou.esteri.it\/?p=744"},"modified":"2024-11-29T13:02:31","modified_gmt":"2024-11-29T13:02:31","slug":"semaine-de-la-cuisine-italienne-au-burkina-faso-2024","status":"publish","type":"post","link":"https:\/\/ambouagadougou.esteri.it\/fr\/news\/dall_ambasciata\/2024\/11\/semaine-de-la-cuisine-italienne-au-burkina-faso-2024\/","title":{"rendered":"L&rsquo;Ambassade d&rsquo;Italie au Burkina Faso a organis\u00e9 sa 1\u00e8re \u00e9dition de la Semaine de la Cuisine Italienne \u00e0 Ouagadougou."},"content":{"rendered":"","protected":false},"excerpt":{"rendered":"","protected":false},"author":4,"featured_media":716,"comment_status":"closed","ping_status":"closed","sticky":false,"template":"","format":"standard","meta":{"footnotes":""},"tags":[],"class_list":["post-744","post","type-post","status-publish","format-standard","has-post-thumbnail","hentry"],"_links":{"self":[{"href":"https:\/\/ambouagadougou.esteri.it\/fr\/wp-json\/wp\/v2\/posts\/744","targetHints":{"allow":["GET"]}}],"collection":[{"href":"https:\/\/ambouagadougou.esteri.it\/fr\/wp-json\/wp\/v2\/posts"}],"about":[{"href":"https:\/\/ambouagadougou.esteri.it\/fr\/wp-json\/wp\/v2\/types\/post"}],"author":[{"embeddable":true,"href":"https:\/\/ambouagadougou.esteri.it\/fr\/wp-json\/wp\/v2\/users\/4"}],"replies":[{"embeddable":true,"href":"https:\/\/ambouagadougou.esteri.it\/fr\/wp-json\/wp\/v2\/comments?post=744"}],"version-history":[{"count":2,"href":"https:\/\/ambouagadougou.esteri.it\/fr\/wp-json\/wp\/v2\/posts\/744\/revisions"}],"predecessor-version":[{"id":748,"href":"https:\/\/ambouagadougou.esteri.it\/fr\/wp-json\/wp\/v2\/posts\/744\/revisions\/748"}],"wp:featuredmedia":[{"embeddable":true,"href":"https:\/\/ambouagadougou.esteri.it\/fr\/wp-json\/wp\/v2\/media\/716"}],"wp:attachment":[{"href":"https:\/\/ambouagadougou.esteri.it\/fr\/wp-json\/wp\/v2\/media?parent=744"}],"wp:term":[{"taxonomy":"post_tag","embeddable":true,"href":"https:\/\/ambouagadougou.esteri.it\/fr\/wp-json\/wp\/v2\/tags?post=744"}],"curies":[{"name":"wp","href":"https:\/\/api.w.org\/{rel}","templated":true}]}}